{"id":5805,"date":"2025-11-10T08:00:53","date_gmt":"2025-11-10T07:00:53","guid":{"rendered":"https:\/\/zsp8.zory.pl\/?p=5805"},"modified":"2025-11-30T11:05:51","modified_gmt":"2025-11-30T10:05:51","slug":"zorskie-przedszkola-przyszlosci-rozwoj-ksztalcenia-przedszkolnego-w-miescie-zory-2","status":"publish","type":"post","link":"https:\/\/zsp8.zory.pl\/?p=5805","title":{"rendered":"\u201e\u017borskie przedszkola przysz\u0142o\u015bci &#8211; rozw\u00f3j kszta\u0142cenia przedszkolnego w mie\u015bcie \u017bory\u201d"},"content":{"rendered":"<h3><img loading=\"lazy\" decoding=\"async\" class=\"aligncenter wp-image-5616\" src=\"http:\/\/zsp8.zory.pl\/wp-content\/uploads\/2024\/10\/Obraz2-e1728582311158-1.png\" alt=\"\" width=\"860\" height=\"91\" \/><\/h3>\n<div><em><span style=\"color: #000000;\">Harmonogram form wsparcia dost\u0119pny pod linkiem:<\/span><\/em><\/div>\n<div><a title=\"https:\/\/www.zory.pl\/inwestycje-dofinansowania\/dofinansowania-ze-srodkow-zewnetrznych\/perspektywa-2014-2020-1\/fe-sl-2021-2027-efs\/zorskie-przedszkola-przyszlosci-rozwoj-ksztalcenia-przedszkolnego-w-miescie-zory\" href=\"https:\/\/www.zory.pl\/inwestycje-dofinansowania\/dofinansowania-ze-srodkow-zewnetrznych\/perspektywa-2014-2020-1\/fe-sl-2021-2027-efs\/zorskie-przedszkola-przyszlosci-rozwoj-ksztalcenia-przedszkolnego-w-miescie-zory\" target=\"_blank\" rel=\"noopener noreferrer\">https:\/\/www.zory.pl\/inwestycje-dofinansowania\/dofinansowania-ze-srodkow-zewnetrznych\/perspektywa-2014-2020-1\/fe-sl-2021-2027-efs\/zorskie-przedszkola-przyszlosci-rozwoj-ksztalcenia-przedszkolnego-w-miescie-zory<\/a><\/div>\n<hr \/>\n<p><strong>Przedszkole nr 8<\/strong> przy Zespole Szkolno-Przedszkolnym nr 8 w \u017borach realizuje projekt pn. <strong>\u201e<\/strong><strong>\u017borskie przedszkola przysz\u0142o\u015bci &#8211; rozw\u00f3j kszta\u0142cenia przedszkolnego w mie\u015bcie \u017bory\u201d<\/strong> w\u00a0ramach Fundusze Europejskie dla \u015al\u0105skiego 2021-2027 (Europejski Fundusz Spo\u0142eczny+)<\/p>\n<p>dla Priorytetu: FESL.06.00 &#8211; Fundusze Europejskie dla edukacji<\/p>\n<p>dla dzia\u0142ania: FESL.06.01 &#8211; Edukacja przedszkolna<\/p>\n<p>Celem projektu jest poprawa dost\u0119pu do wysokiej jako\u015bci oferty edukacyjnej dla dzieci w\u00a0wieku przedszkolnym z gminy \u017bory poprzez obj\u0119cie dzieci zaj\u0119ciami wspomagaj\u0105cymi ich rozw\u00f3j psychofizycznym, doskonalenie zawodowe kadry nauczycielskiej oraz doposa\u017cenie trzech przedszkoli.<\/p>\n<p>W projekcie b\u0119d\u0105 uczestniczy\u0107 wychowankowie i kadra pedagogiczna trzech przedszkoli publicznych z \u017bor funkcjonuj\u0105cych w ramach:<\/p>\n<ol>\n<li>Zespo\u0142u Szkolno-Przedszkolnego nr 8 (Przedszkole nr 8)<\/li>\n<li>Zespo\u0142u Szkolno-Przedszkolnego nr 9 (Przedszkole nr 9)<\/li>\n<li>Zespo\u0142u Szkolno-Przedszkolnego nr 11 (Przedszkole nr 17)\u00a0\u00a0 \u00a0 \u00a0 \u00a0 \u00a0 \u00a0 \u00a0 \u00a0 \u00a0 \u00a0 \u00a0 \u00a0 \u00a0 \u00a0 \u00a0 \u00a0 \u00a0 \u00a0 \u00a0 \u00a0 \u00a0 \u00a0 \u00a0 \u00a0 \u00a0 \u00a0 \u00a0 \u00a0 \u00a0 \u00a0 \u00a0 \u00a0 \u00a0 \u00a0 \u00a0 \u00a0 \u00a0 \u00a0\u00a0\u00a0\u00a0\u00a0\u00a0\u00a0\u00a0\u00a0\u00a0\u00a0\u00a0\u00a0\u00a0\u00a0\u00a0\u00a0\u00a0\u00a0\u00a0\u00a0\u00a0\u00a0\u00a0\u00a0\u00a0\u00a0\u00a0\u00a0\u00a0\u00a0\u00a0\u00a0\u00a0\u00a0\u00a0\u00a0\u00a0\u00a0\u00a0\u00a0\u00a0\u00a0\u00a0\u00a0\u00a0\u00a0\u00a0\u00a0\u00a0\u00a0\u00a0\u00a0\u00a0\u00a0\u00a0\u00a0\u00a0 dla kt\u00f3rych Gmina Miejska \u017bory jest organem prowadz\u0105cym.<\/li>\n<\/ol>\n<p>Warto\u015b\u0107 ca\u0142kowita projektu: <strong>640 095,16 z\u0142<\/strong><\/p>\n<p>Warto\u015b\u0107 dofinansowania z UE: <strong>544\u00a0080,88 z\u0142<\/strong><\/p>\n<p>Okres realizacji projektu:\u00a0<strong>01.09.2024 r. &#8211; 31.03.2026 r.<\/strong><\/p>\n<ol>\n<li><a href=\"http:\/\/zsp8.zory.pl\/wp-content\/uploads\/2024\/10\/Regulamin-rekrutacji-Zorskie-przedszkola-1.pdf\"><img loading=\"lazy\" decoding=\"async\" src=\"http:\/\/zsp8.zory.pl\/wp-content\/uploads\/2024\/10\/fotoomnia-pobieranie-plikow-ikona-6282.jpg\" alt=\"\" width=\"50\" height=\"36\" \/><\/a>Regulamin rekrutacji \u017borskie przedszkola&#8230;<\/li>\n<li><a href=\"http:\/\/zsp8.zory.pl\/wp-content\/uploads\/2024\/10\/Regulamin-rekrutacji-warsztatow-i-wycieczek.pdf\"><img loading=\"lazy\" decoding=\"async\" src=\"http:\/\/zsp8.zory.pl\/wp-content\/uploads\/2024\/10\/fotoomnia-pobieranie-plikow-ikona-6282.jpg\" alt=\"\" width=\"51\" height=\"36\" \/><\/a>Regulamin rekrutacji warsztat\u00f3w i wycieczek<\/li>\n<li><a href=\"http:\/\/zsp8.zory.pl\/wp-content\/uploads\/2024\/10\/1-zal.-Formularz-rekrutacyjny_dziecko.pdf\"><img loading=\"lazy\" decoding=\"async\" src=\"http:\/\/zsp8.zory.pl\/wp-content\/uploads\/2024\/10\/fotoomnia-pobieranie-plikow-ikona-6282.jpg\" alt=\"\" width=\"50\" height=\"36\" \/><\/a>Formularz rekrutacyjny- dziecko_1<\/li>\n<li><a href=\"http:\/\/zsp8.zory.pl\/wp-content\/uploads\/2024\/10\/1-zal.-Formularz-rekrutacyjny_dziecko-1.pdf\"><img loading=\"lazy\" decoding=\"async\" src=\"http:\/\/zsp8.zory.pl\/wp-content\/uploads\/2024\/10\/fotoomnia-pobieranie-plikow-ikona-6282.jpg\" alt=\"\" width=\"50\" height=\"36\" \/><\/a>Formularz rekrutacyjny-dziecko_warsztaty i wycieczki_2<\/li>\n<li><a href=\"http:\/\/zsp8.zory.pl\/wp-content\/uploads\/2024\/10\/2_-zal.-Deklaracja-uczestnictwa-w-projekcie-dziecko.pdf\"><img loading=\"lazy\" decoding=\"async\" src=\"http:\/\/zsp8.zory.pl\/wp-content\/uploads\/2024\/10\/fotoomnia-pobieranie-plikow-ikona-6282.jpg\" alt=\"\" width=\"50\" height=\"36\" \/><\/a>Deklaracja uczestnictwa w projekcie- dziecko<\/li>\n<li><a href=\"http:\/\/zsp8.zory.pl\/wp-content\/uploads\/2024\/10\/3_zal.-Oswiadczenia-uczestnika-aktualne-dziecko.pdf\"><img loading=\"lazy\" decoding=\"async\" src=\"http:\/\/zsp8.zory.pl\/wp-content\/uploads\/2024\/10\/fotoomnia-pobieranie-plikow-ikona-6282.jpg\" alt=\"\" width=\"50\" height=\"36\" \/><\/a>O\u015bwiadczenie uczestnika projektu- dziecko<\/li>\n<li><a href=\"http:\/\/zsp8.zory.pl\/wp-content\/uploads\/2024\/10\/4_zal.-Zgoda-rodzica.pdf\"><img loading=\"lazy\" decoding=\"async\" src=\"http:\/\/zsp8.zory.pl\/wp-content\/uploads\/2024\/10\/fotoomnia-pobieranie-plikow-ikona-6282.jpg\" alt=\"\" width=\"50\" height=\"36\" \/><\/a>Zgoda rodzica<\/li>\n<\/ol>\n<p>&nbsp;<\/p>\n<div><\/div>\n","protected":false},"excerpt":{"rendered":"<p>Harmonogram form wsparcia dost\u0119pny pod linkiem: https:\/\/www.zory.pl\/inwestycje-dofinansowania\/dofinansowania-ze-srodkow-zewnetrznych\/perspektywa-2014-2020-1\/fe-sl-2021-2027-efs\/zorskie-przedszkola-przyszlosci-rozwoj-ksztalcenia-przedszkolnego-w-miescie-zory Przedszkole nr 8 przy Zespole Szkolno-Przedszkolnym nr 8 w \u017borach realizuje projekt pn. \u201e\u017borskie przedszkola przysz\u0142o\u015bci &#8211; rozw\u00f3j kszta\u0142cenia przedszkolnego w mie\u015bcie \u017bory\u201d w\u00a0ramach Fundusze Europejskie dla \u015al\u0105skiego 2021-2027 (Europejski Fundusz Spo\u0142eczny+) dla Priorytetu: FESL.06.00 &#8211; Fundusze Europejskie dla edukacji dla dzia\u0142ania: FESL.06.01 &#8211; Edukacja przedszkolna Celem projektu [&hellip;]<\/p>\n","protected":false},"author":5,"featured_media":0,"comment_status":"closed","ping_status":"open","sticky":false,"template":"","format":"gallery","meta":{"_et_pb_use_builder":"","_et_pb_old_content":"","_et_gb_content_width":"","footnotes":""},"categories":[6],"tags":[],"class_list":["post-5805","post","type-post","status-publish","format-gallery","hentry","category-komunikat","post_format-post-format-gallery"],"_links":{"self":[{"href":"https:\/\/zsp8.zory.pl\/index.php?rest_route=\/wp\/v2\/posts\/5805","targetHints":{"allow":["GET"]}}],"collection":[{"href":"https:\/\/zsp8.zory.pl\/index.php?rest_route=\/wp\/v2\/posts"}],"about":[{"href":"https:\/\/zsp8.zory.pl\/index.php?rest_route=\/wp\/v2\/types\/post"}],"author":[{"embeddable":true,"href":"https:\/\/zsp8.zory.pl\/index.php?rest_route=\/wp\/v2\/users\/5"}],"replies":[{"embeddable":true,"href":"https:\/\/zsp8.zory.pl\/index.php?rest_route=%2Fwp%2Fv2%2Fcomments&post=5805"}],"version-history":[{"count":22,"href":"https:\/\/zsp8.zory.pl\/index.php?rest_route=\/wp\/v2\/posts\/5805\/revisions"}],"predecessor-version":[{"id":6349,"href":"https:\/\/zsp8.zory.pl\/index.php?rest_route=\/wp\/v2\/posts\/5805\/revisions\/6349"}],"wp:attachment":[{"href":"https:\/\/zsp8.zory.pl\/index.php?rest_route=%2Fwp%2Fv2%2Fmedia&parent=5805"}],"wp:term":[{"taxonomy":"category","embeddable":true,"href":"https:\/\/zsp8.zory.pl\/index.php?rest_route=%2Fwp%2Fv2%2Fcategories&post=5805"},{"taxonomy":"post_tag","embeddable":true,"href":"https:\/\/zsp8.zory.pl\/index.php?rest_route=%2Fwp%2Fv2%2Ftags&post=5805"}],"curies":[{"name":"wp","href":"https:\/\/api.w.org\/{rel}","templated":true}]}}